{"id":5013,"date":"2025-07-29T20:25:25","date_gmt":"2025-07-30T00:25:25","guid":{"rendered":"https:\/\/radiosantuario.cl\/2025\/?p=5013"},"modified":"2025-08-03T17:46:45","modified_gmt":"2025-08-03T21:46:45","slug":"comunidades-parroquiales-reciben-a-sus-nuevos-parrocos","status":"publish","type":"post","link":"https:\/\/radiosantuario.cl\/2025\/2025\/07\/29\/comunidades-parroquiales-reciben-a-sus-nuevos-parrocos\/","title":{"rendered":"Comunidades parroquiales reciben a sus nuevos p\u00e1rrocos"},"content":{"rendered":"\n<p>La di\u00f3cesis de Copiap\u00f3 vivi\u00f3 un fin de semana de gran alegr\u00eda con la toma de posesi\u00f3n de nuevos p\u00e1rrocos en dos comunidades.<\/p>\n\n\n\n<p>Inmaculado Coraz\u00f3n de Mar\u00eda de Vallenar<\/p>\n\n\n\n<p>El s\u00e1bado 26 de julio, en la parroquia Inmaculado Coraz\u00f3n de Mar\u00eda de Vallenar, se celebr\u00f3 una emotiva misa en la que los frailes carmelitas descalzos Patricio Jara y Antonio P\u00e9rez asumieron como p\u00e1rrocos, tanto de esta parroquia como de la de Nuestra Se\u00f1ora del Carmen en Alto del Carmen.<\/p>\n\n\n\n<p>La misa fue presidida por el obispo, Mons. Ricardo Morales y cont\u00f3 con la presencia del Superior de la Congregaci\u00f3n en Chile, padre Christian Ogueda, y los sacerdotes diocesanos Mario Campillay, Mauricio Arancibia, Aquiles Altamirano y Enrique Sarneguet.<\/p>\n\n\n\n<p>Despu\u00e9s de la profesi\u00f3n de fe y promesa de fidelidad a la Iglesia, los sacerdotes p. Patricio y Antonio asperjaron agua bendita sobre la comunidad reunida en este hermoso templo parroquial vallenarino.<\/p>\n\n\n\n<p>En la homil\u00eda, el obispo valor\u00f3 la espiritualidad de los Carmelitas. Les dijo: \u201cAntonio, Patricio, est\u00e1n llamados a ser intercesores de esta comunidad, Dios es misericordia y nos escucha siempre\u201d, destacando que Dios escucha la oraci\u00f3n perseverante y confiada. Dio gracias porque \u201cestamos entregando estas dos comunidades parroquiales a estos hermanos religiosos que nos van a compartir su espiritualidad centrada en la oraci\u00f3n\u201d.<\/p>\n\n\n\n<p>Despu\u00e9s de la homil\u00eda ambos sacerdotes renovaron sus promesas de ordenaci\u00f3n, y luego recibieron del obispo la fuente bautismal, el altar, y al final de la misa, los libros parroquiales y las llaves del Sagrario.<\/p>\n\n\n\n<p>Al final tomaron la palabra los nuevos p\u00e1rrocos. El p. Antonio agradeci\u00f3 a los sacerdotes presentes, mencionando especialmente al p. Enrique, quien est\u00e1 cumpliendo 40 de ministerio sacerdotal. Nombr\u00f3 a Marcelo Lira, di\u00e1cono en tr\u00e1nsito, \u201chijo de esta comunidad\u201d, y pidi\u00f3 a los presentes \u201cque nos ayuden a caminar\u201d.<\/p>\n\n\n\n<p>Por su parte, el p. Patricio, muy emocionado, resalt\u00f3 la hermosa celebraci\u00f3n, subrayando que lo m\u00e1s importante son las personas. \u201cSin ustedes no tendr\u00eda sentido mi vocaci\u00f3n; por ustedes soy cura, y un cura feliz\u201d.<\/p>\n\n\n\n<p>San Francisco, en Copiap\u00f3<\/p>\n\n\n\n<p>Al mediod\u00eda del domingo 27 de julio, el p. Guido Castagna tom\u00f3 posesi\u00f3n de la parroquia San Francisco, en una misa presidida por el obispo, junto al p. Mario Vignola y el di\u00e1cono Ivna Farah y el di\u00e1cono en tr\u00e1nsito Marcelo Lira.<\/p>\n\n\n\n<p>Siguiendo el mismo rito, el padre Guido hizo su profesi\u00f3n de fe y la promesa de fidelidad a la Iglesia. Luego de que el obispo bendijera el agua, el p. Guido y el p. Mario junto a don Iv\u00e1n rociaron el agua bendita a la comunidad.<\/p>\n\n\n\n<p>La homil\u00eda del obispo recalc\u00f3 las palabras que gu\u00edan a un p\u00e1rroco: \u201cpedir con humildad, buscar con esperanza, y llamar con perseverancia\u201d, invitando al padre Guido a trabajar en esp\u00edritu sinodal, especialmente con sus colaboradores m\u00e1s cercanos, que son el p. Mario como vicario parroquial, el di\u00e1cono Iv\u00e1n y las religiosas de la Misi\u00f3n Gran R\u00edo. \u201cNadie trabaja en solitario- dijo el obispo, &#8211; porque ninguno tiene el Esp\u00edritu solo para s\u00ed; el Esp\u00edritu nos habla a todos\u201d. A la comunidad, pidi\u00f3 acompa\u00f1ar al sacerdote y acogerlo como un hermano. Destac\u00f3 la disponibilidad de ambos sacerdotes, y tambi\u00e9n el que ambos tengan formaci\u00f3n franciscana: el p. Guido, que fue franciscano conventual, y el p. Mario, que estuvo con los frailes menores.<\/p>\n\n\n\n<p>A seguir, el p. Guido renov\u00f3 su promesa de ordenaci\u00f3n y recibi\u00f3 la sede presidencial, la fuente bautismal, el confesionario y el altar. Al final, los libros y la llave del Sagrario, como lo indica el rito.<\/p>\n\n\n\n<p>Cuando el p. Guido tom\u00f3 la palabra, se\u00f1al\u00f3 que \u201cel Se\u00f1or cuenta con todos ustedes para atender a tantas personas que buscan esperanza, aqu\u00ed siempre est\u00e1n en su casa\u201d. Agradeci\u00f3 el servicio de las religiosas y de toda la comunidad y al obispo por la confianza.<\/p>\n\n\n\n<p>Convivencias fraternas<\/p>\n\n\n\n<p>En ambas celebraciones, luego de la misa, se comparti\u00f3 un momento fraterno en los patios parroquiales, donde los fieles pudieron conversar y acercarse a sus nuevos pastores y al obispo, fortaleciendo el esp\u00edritu&nbsp;de&nbsp;comunidad.<\/p>\n","protected":false},"excerpt":{"rendered":"<p>La di\u00f3cesis de Copiap\u00f3 vivi\u00f3 un fin de semana de gran alegr\u00eda con la toma de posesi\u00f3n de nuevos p\u00e1rrocos en dos comunidades. Inmaculado Coraz\u00f3n de Mar\u00eda de Vallenar El s\u00e1bado 26 de julio, en la parroquia Inmaculado Coraz\u00f3n de Mar\u00eda de Vallenar, se celebr\u00f3 una emotiva misa en la que los frailes carmelitas descalzos [&hellip;]<\/p>\n","protected":false},"author":3,"featured_media":5014,"comment_status":"closed","ping_status":"closed","sticky":false,"template":"","format":"standard","meta":{"saved_in_kubio":false,"footnotes":""},"categories":[50],"tags":[],"class_list":["post-5013","post","type-post","status-publish","format-standard","has-post-thumbnail","hentry","category-noticias"],"_links":{"self":[{"href":"https:\/\/radiosantuario.cl\/2025\/wp-json\/wp\/v2\/posts\/5013","targetHints":{"allow":["GET"]}}],"collection":[{"href":"https:\/\/radiosantuario.cl\/2025\/wp-json\/wp\/v2\/posts"}],"about":[{"href":"https:\/\/radiosantuario.cl\/2025\/wp-json\/wp\/v2\/types\/post"}],"author":[{"embeddable":true,"href":"https:\/\/radiosantuario.cl\/2025\/wp-json\/wp\/v2\/users\/3"}],"replies":[{"embeddable":true,"href":"https:\/\/radiosantuario.cl\/2025\/wp-json\/wp\/v2\/comments?post=5013"}],"version-history":[{"count":0,"href":"https:\/\/radiosantuario.cl\/2025\/wp-json\/wp\/v2\/posts\/5013\/revisions"}],"wp:featuredmedia":[{"embeddable":true,"href":"https:\/\/radiosantuario.cl\/2025\/wp-json\/wp\/v2\/media\/5014"}],"wp:attachment":[{"href":"https:\/\/radiosantuario.cl\/2025\/wp-json\/wp\/v2\/media?parent=5013"}],"wp:term":[{"taxonomy":"category","embeddable":true,"href":"https:\/\/radiosantuario.cl\/2025\/wp-json\/wp\/v2\/categories?post=5013"},{"taxonomy":"post_tag","embeddable":true,"href":"https:\/\/radiosantuario.cl\/2025\/wp-json\/wp\/v2\/tags?post=5013"}],"curies":[{"name":"wp","href":"https:\/\/api.w.org\/{rel}","templated":true}]}}