{"id":5018,"date":"2025-08-01T20:10:17","date_gmt":"2025-08-02T00:10:17","guid":{"rendered":"https:\/\/radiosantuario.cl\/2025\/?p=5018"},"modified":"2025-08-03T13:03:12","modified_gmt":"2025-08-03T17:03:12","slug":"semana-teologica-pastoral-de-la-diocesis-de-copiapo-abordara-temas-asociados-a-la-drogadiccion-el-narcotrafico-y-la-narcocultura","status":"publish","type":"post","link":"https:\/\/radiosantuario.cl\/2025\/2025\/08\/01\/semana-teologica-pastoral-de-la-diocesis-de-copiapo-abordara-temas-asociados-a-la-drogadiccion-el-narcotrafico-y-la-narcocultura\/","title":{"rendered":"Semana Teol\u00f3gica Pastoral de la di\u00f3cesis de Copiap\u00f3 abordar\u00e1 temas asociados a la drogadicci\u00f3n, el narcotr\u00e1fico y la narcocultura"},"content":{"rendered":"\n<p><em>Semana de formaci\u00f3n es abierta a toda la comunidad y se desarrollar\u00e1 entre el 5 y el 8 de agosto en la casa de retiros de La Candelaria y en la Catedral<\/em><\/p>\n\n\n\n<p><\/p>\n\n\n\n<p>Este martes 5 de agosto comienza la XXII Semana Teol\u00f3gica Pastoral de la di\u00f3cesis de Copiap\u00f3, instancia de formaci\u00f3n que este a\u00f1o est\u00e1 orientada a la Doctrina Social de la Iglesia y el drama de la drogadicci\u00f3n y el narcotr\u00e1fico.<\/p>\n\n\n\n<p>Uno de los expositores es Guillermo Sandoval, Director del Centro de Gesti\u00f3n del Conocimiento de la Conferencia Episcopal Latinoamericana y el Caribe, Celam. \u00c9l abordar\u00e1 el tema de la Doctrina Social de la Iglesia.<\/p>\n\n\n\n<p>Otro expositor ser\u00e1 Francisco Carre\u00f1o, responsable del movimiento Nadie Menos por la Droga y coordinador del proyecto de respuesta pastoral y comunitaria a la narcocultura, de Caritas Chile. Lo acompa\u00f1ar\u00e1 el p. Benjam\u00edn Ossand\u00f3n, director del policl\u00ednico Enrique Alvear y director de Panad, la Pastoral Nacional de Alcoholismo y Drogadicci\u00f3n. Ambos entregar\u00e1n el tema \u201cMiradas y estrategias pastorales para acompa\u00f1ar la vida, frente al drama de la narcocultura\u201d.<\/p>\n\n\n\n<p>Tambi\u00e9n ser\u00e1 expositora Carolina Ossand\u00f3n, de la fundaci\u00f3n diocesana Despertar, que realiza acciones de prevenci\u00f3n y apoyo terap\u00e9utico a personas con riesgo o dependencia en la regi\u00f3n.<\/p>\n\n\n\n<p>Las sesiones se realizan todo el d\u00eda en la casa de retiros de La Candelaria, en Copiap\u00f3. Por la tarde, existe una alternativa para quienes no pueden asistir a estas jornadas. En uno de los salones de la parroquia Nuestra Se\u00f1ora del Rosario, Catedral, los expositores ofrecen presentaciones m\u00e1s sint\u00e9ticas de los mismos temas.<\/p>\n\n\n\n<p>La Semana Teol\u00f3gica se ha transformado de una de las instancias formativas m\u00e1s importantes de la di\u00f3cesis, con temas tratados en profundidad y mirando la contingencia a la luz de la fe, tanto para agentes pastorales laicos como para sacerdotes, religiosas y di\u00e1conos.<\/p>\n\n\n\n<p><strong>Programa<\/strong><\/p>\n\n\n\n<p><strong>Martes 5 de agosto<\/strong><\/p>\n\n\n\n<p>9.00 h. Desayuno<\/p>\n\n\n\n<p>9.45 h. Oraci\u00f3n<\/p>\n\n\n\n<p>10.00 h. Tema Doctrina Social de la Iglesia, G. Sandoval<\/p>\n\n\n\n<p>11.30 h. Caf\u00e9<\/p>\n\n\n\n<p>12.00 h. Tema Doctrina Social de la Iglesia, G. Sandoval<\/p>\n\n\n\n<p>15.30 h. Tema Doctrina Social de la Iglesia, G. Sandoval<\/p>\n\n\n\n<p>17.00 h. Caf\u00e9<\/p>\n\n\n\n<p>18.00 h. Misa<\/p>\n\n\n\n<p><strong>Mi\u00e9rcoles 6 de agosto<\/strong><\/p>\n\n\n\n<p>8.30 h.&nbsp; Misa<\/p>\n\n\n\n<p>9.00 h. Desayuno<\/p>\n\n\n\n<p>9.45 h. Oraci\u00f3n<\/p>\n\n\n\n<p>10.00 h. Tema Doctrina Social de la Iglesia, G. Sandoval<\/p>\n\n\n\n<p>11.30 h. Caf\u00e9<\/p>\n\n\n\n<p>12.00 h. Tema Doctrina Social de la Iglesia, G. Sandoval<\/p>\n\n\n\n<p>15.30 h. Tema Doctrina Social de la Iglesia, G. Sandoval<\/p>\n\n\n\n<p>17.00 h. Caf\u00e9<\/p>\n\n\n\n<p><strong>Jueves 7 de agosto<\/strong><strong><\/strong><\/p>\n\n\n\n<p>8.30 h. Misa<\/p>\n\n\n\n<p>9.00 h. Desayuno<\/p>\n\n\n\n<p>9.45 h. Oraci\u00f3n<\/p>\n\n\n\n<p>10.00 h. Tema Miradas y estrategias pastorales para acompa\u00f1ar la vida, frente al drama de la narcocultura, F. Carre\u00f1o y B. Ossand\u00f3n<\/p>\n\n\n\n<p>11.30 h. Caf\u00e9<\/p>\n\n\n\n<p>12.00 h. Tema Miradas y estrategias pastorales para acompa\u00f1ar la vida, frente al drama de la narcocultura, F. Carre\u00f1o y B. Ossand\u00f3n<\/p>\n\n\n\n<p>15.30 h. Tema Miradas y estrategias pastorales para acompa\u00f1ar la vida, frente al drama de la narcocultura, F. Carre\u00f1o y B. Ossand\u00f3n<\/p>\n\n\n\n<p>17.00 h. Once<\/p>\n\n\n\n<p><strong>Viernes 8 de agosto<\/strong><\/p>\n\n\n\n<p>8.30 h. Misa<\/p>\n\n\n\n<p>9.00 h. Desayuno<\/p>\n\n\n\n<p>9.45 h. Oraci\u00f3n<\/p>\n\n\n\n<p>10.00 h. Tema Miradas y estrategias pastorales para acompa\u00f1ar la vida, frente al drama de la narcocultura, F. Carre\u00f1o y B. Ossand\u00f3n<\/p>\n\n\n\n<p>11.30 h. Caf\u00e9<\/p>\n\n\n\n<p>12.00 h. Tema Miradas y estrategias pastorales para acompa\u00f1ar la vida, frente al drama de la narcocultura, F. Carre\u00f1o y B. Ossand\u00f3n<\/p>\n\n\n\n<p>15.30 h. Presentaci\u00f3n de la Fundaci\u00f3n diocesana Despertar<\/p>\n\n\n\n<p>17.00 h. Caf\u00e9<\/p>\n","protected":false},"excerpt":{"rendered":"<p>Este martes 5 de agosto comienza la XXII Semana Teol\u00f3gica Pastoral de la di\u00f3cesis de Copiap\u00f3, instancia de formaci\u00f3n que este a\u00f1o est\u00e1 orientada a la Doctrina Social de la Iglesia y el drama de la drogadicci\u00f3n y el narcotr\u00e1fico.<\/p>\n","protected":false},"author":3,"featured_media":5019,"comment_status":"closed","ping_status":"closed","sticky":false,"template":"","format":"standard","meta":{"saved_in_kubio":false,"footnotes":""},"categories":[50],"tags":[],"class_list":["post-5018","post","type-post","status-publish","format-standard","has-post-thumbnail","hentry","category-noticias"],"_links":{"self":[{"href":"https:\/\/radiosantuario.cl\/2025\/wp-json\/wp\/v2\/posts\/5018","targetHints":{"allow":["GET"]}}],"collection":[{"href":"https:\/\/radiosantuario.cl\/2025\/wp-json\/wp\/v2\/posts"}],"about":[{"href":"https:\/\/radiosantuario.cl\/2025\/wp-json\/wp\/v2\/types\/post"}],"author":[{"embeddable":true,"href":"https:\/\/radiosantuario.cl\/2025\/wp-json\/wp\/v2\/users\/3"}],"replies":[{"embeddable":true,"href":"https:\/\/radiosantuario.cl\/2025\/wp-json\/wp\/v2\/comments?post=5018"}],"version-history":[{"count":0,"href":"https:\/\/radiosantuario.cl\/2025\/wp-json\/wp\/v2\/posts\/5018\/revisions"}],"wp:featuredmedia":[{"embeddable":true,"href":"https:\/\/radiosantuario.cl\/2025\/wp-json\/wp\/v2\/media\/5019"}],"wp:attachment":[{"href":"https:\/\/radiosantuario.cl\/2025\/wp-json\/wp\/v2\/media?parent=5018"}],"wp:term":[{"taxonomy":"category","embeddable":true,"href":"https:\/\/radiosantuario.cl\/2025\/wp-json\/wp\/v2\/categories?post=5018"},{"taxonomy":"post_tag","embeddable":true,"href":"https:\/\/radiosantuario.cl\/2025\/wp-json\/wp\/v2\/tags?post=5018"}],"curies":[{"name":"wp","href":"https:\/\/api.w.org\/{rel}","templated":true}]}}