{"id":5293,"date":"2025-08-16T20:12:30","date_gmt":"2025-08-17T00:12:30","guid":{"rendered":"https:\/\/radiosantuario.cl\/2025\/?p=5293"},"modified":"2025-08-16T20:12:33","modified_gmt":"2025-08-17T00:12:33","slug":"diocesis-de-copiapo-inaugura-su-primera-capilla-de-adoracion-perpetua","status":"publish","type":"post","link":"https:\/\/radiosantuario.cl\/2025\/2025\/08\/16\/diocesis-de-copiapo-inaugura-su-primera-capilla-de-adoracion-perpetua\/","title":{"rendered":"Di\u00f3cesis de Copiap\u00f3 inaugura su primera capilla de adoraci\u00f3n perpetua"},"content":{"rendered":"\n<p class=\"has-color-1-color has-color-2-background-color has-text-color has-background has-link-color wp-elements-c795bf42ecc255df175023db36221428\">La comunidad diocesana vivi\u00f3 este s\u00e1bado 16 de agosto un momento hist\u00f3rico con la inauguraci\u00f3n de la adoraci\u00f3n perpetua en la capilla del Buen Pastor, en Copiap\u00f3, el primer lugar de la di\u00f3cesis abierto de manera continua para la oraci\u00f3n ante el Sant\u00edsimo Sacramento.<\/p>\n\n\n\n<p class=\"has-color-1-color has-color-2-background-color has-text-color has-background has-link-color wp-elements-257df90e485bd1796ec0160aef6b4381\">A las 9 de la ma\u00f1ana, el obispo de Copiap\u00f3, Mons. Ricardo Morales, presidi\u00f3 la Santa Misa junto a una gran cantidad de fieles, movimientos eclesiales, agrupaciones parroquiales y agentes pastorales, quienes participaron con profundo fervor y alegr\u00eda.<\/p>\n\n\n\n<p class=\"has-color-1-color has-color-2-background-color has-text-color has-background has-link-color wp-elements-5f1a379f7b75def06bb0c2e86a7cdb2d\">En su homil\u00eda, Mons. Morales subray\u00f3: \u201cLa adoraci\u00f3n perpetua es un regalo para nuestra di\u00f3cesis. Aqu\u00ed podremos orar por las vocaciones sacerdotales y religiosas, y ofrecer un lugar donde cada persona encuentre al Se\u00f1or, reciba consuelo y renueve la esperanza\u201d.<\/p>\n\n\n\n<p class=\"has-color-1-color has-color-2-background-color has-text-color has-background has-link-color wp-elements-b1bae6d18f4c6621d4da11cccbc4937b\">La capilla, cuidadosamente preparada y embellecida para la ocasi\u00f3n, se convierte desde hoy en un faro de fe y un lugar de encuentro \u00edntimo con Cristo. El obispo agradeci\u00f3 a todos quienes, con generosidad y amor, har\u00e1n posible este espacio de oraci\u00f3n constante, animando a perseverar en este compromiso que sostiene la vida espiritual de toda la Iglesia diocesana.<\/p>\n\n\n\n<p class=\"has-color-1-color has-color-2-background-color has-text-color has-background has-link-color wp-elements-573605071f65440ef8d1d7ed61a3f63a\">Las im\u00e1genes de la jornada reflejan la solemnidad de la celebraci\u00f3n, la belleza del altar preparado para el Se\u00f1or y la fervorosa participaci\u00f3n del Pueblo de Dios, que respondi\u00f3 con gratitud a esta nueva oportunidad de permanecer cerca de Jes\u00fas&nbsp;Eucarist\u00eda.<\/p>\n","protected":false},"excerpt":{"rendered":"<p>La comunidad diocesana vivi\u00f3 este s\u00e1bado 16 de agosto un momento hist\u00f3rico con la inauguraci\u00f3n de la adoraci\u00f3n perpetua en la capilla del Buen Pastor, en Copiap\u00f3, el primer lugar de la di\u00f3cesis abierto de manera continua para la oraci\u00f3n ante el Sant\u00edsimo Sacramento. A las 9 de la ma\u00f1ana, el obispo de Copiap\u00f3, Mons. [&hellip;]<\/p>\n","protected":false},"author":3,"featured_media":5294,"comment_status":"closed","ping_status":"closed","sticky":false,"template":"","format":"standard","meta":{"saved_in_kubio":false,"footnotes":""},"categories":[50],"tags":[],"class_list":["post-5293","post","type-post","status-publish","format-standard","has-post-thumbnail","hentry","category-noticias"],"_links":{"self":[{"href":"https:\/\/radiosantuario.cl\/2025\/wp-json\/wp\/v2\/posts\/5293","targetHints":{"allow":["GET"]}}],"collection":[{"href":"https:\/\/radiosantuario.cl\/2025\/wp-json\/wp\/v2\/posts"}],"about":[{"href":"https:\/\/radiosantuario.cl\/2025\/wp-json\/wp\/v2\/types\/post"}],"author":[{"embeddable":true,"href":"https:\/\/radiosantuario.cl\/2025\/wp-json\/wp\/v2\/users\/3"}],"replies":[{"embeddable":true,"href":"https:\/\/radiosantuario.cl\/2025\/wp-json\/wp\/v2\/comments?post=5293"}],"version-history":[{"count":0,"href":"https:\/\/radiosantuario.cl\/2025\/wp-json\/wp\/v2\/posts\/5293\/revisions"}],"wp:featuredmedia":[{"embeddable":true,"href":"https:\/\/radiosantuario.cl\/2025\/wp-json\/wp\/v2\/media\/5294"}],"wp:attachment":[{"href":"https:\/\/radiosantuario.cl\/2025\/wp-json\/wp\/v2\/media?parent=5293"}],"wp:term":[{"taxonomy":"category","embeddable":true,"href":"https:\/\/radiosantuario.cl\/2025\/wp-json\/wp\/v2\/categories?post=5293"},{"taxonomy":"post_tag","embeddable":true,"href":"https:\/\/radiosantuario.cl\/2025\/wp-json\/wp\/v2\/tags?post=5293"}],"curies":[{"name":"wp","href":"https:\/\/api.w.org\/{rel}","templated":true}]}}