{"id":5976,"date":"2025-08-25T17:36:46","date_gmt":"2025-08-25T21:36:46","guid":{"rendered":"https:\/\/radiosantuario.cl\/2025\/?p=5976"},"modified":"2025-08-25T17:36:52","modified_gmt":"2025-08-25T21:36:52","slug":"arzobispo-de-milan-visita-la-diocesis","status":"publish","type":"post","link":"https:\/\/radiosantuario.cl\/2025\/2025\/08\/25\/arzobispo-de-milan-visita-la-diocesis\/","title":{"rendered":"Arzobispo de Mil\u00e1n visita la di\u00f3cesis"},"content":{"rendered":"\n<p>Desde el 23 y hasta el 27 de agosto se encuentra de visita en la di\u00f3cesis de Copiap\u00f3 Mons. Mario Delpini, Arzobispo de Mil\u00e1n, Italia. Viene acompa\u00f1ado de del responsable del Centro Misionero de Mil\u00e1n, P. Maurizio Zago y el sacerdote P. Walter Magnoni.<\/p>\n\n\n\n<p>Mons. Delpini presidi\u00f3 la misa del domingo en la Catedral, junto al obispo diocesano, Mons. Ricardo Morales. Comenz\u00f3 su homil\u00eda con una pregunta: \u00bfC\u00f3mo nos ve Dios? Y reflexionando sobre el evangelio, ofreci\u00f3 tres respuestas. Dijo que Dios nos ve como hijos e hijas llamados a ver y compartir su Gloria; tambi\u00e9n como personas que viven y luchan en tiempos de prueba, de tribulaci\u00f3n, y aqu\u00ed reside la posibilidad de hacernos mejores; y como hijos e hijas amables, que necesitan ser amados por Dios y por los dem\u00e1s, y que pueden amar. &nbsp;&nbsp;&nbsp;&nbsp;&nbsp;&nbsp;&nbsp;&nbsp;&nbsp;&nbsp;&nbsp;<\/p>\n\n\n\n<p>Entre las actividades que contempla esta visita se encuentra un recorrido por distintos lugares de la di\u00f3cesis, una visita a la Scuola Italiana de Copiap\u00f3 y un encuentro con agentes pastorales, este martes 26 de agosto a las 19 horas en la parroquia San Francisco, encuentro abierto a toda la comunidad.<\/p>\n","protected":false},"excerpt":{"rendered":"<p>Desde el 23 y hasta el 27 de agosto se encuentra de visita en la di\u00f3cesis de Copiap\u00f3 Mons. Mario Delpini, Arzobispo de Mil\u00e1n, Italia. Viene acompa\u00f1ado de del responsable del Centro Misionero de Mil\u00e1n, P. Maurizio Zago y el sacerdote P. Walter Magnoni. Mons. Delpini presidi\u00f3 la misa del domingo en la Catedral, junto [&hellip;]<\/p>\n","protected":false},"author":3,"featured_media":5977,"comment_status":"closed","ping_status":"closed","sticky":false,"template":"","format":"standard","meta":{"saved_in_kubio":false,"footnotes":""},"categories":[50],"tags":[],"class_list":["post-5976","post","type-post","status-publish","format-standard","has-post-thumbnail","hentry","category-noticias"],"_links":{"self":[{"href":"https:\/\/radiosantuario.cl\/2025\/wp-json\/wp\/v2\/posts\/5976","targetHints":{"allow":["GET"]}}],"collection":[{"href":"https:\/\/radiosantuario.cl\/2025\/wp-json\/wp\/v2\/posts"}],"about":[{"href":"https:\/\/radiosantuario.cl\/2025\/wp-json\/wp\/v2\/types\/post"}],"author":[{"embeddable":true,"href":"https:\/\/radiosantuario.cl\/2025\/wp-json\/wp\/v2\/users\/3"}],"replies":[{"embeddable":true,"href":"https:\/\/radiosantuario.cl\/2025\/wp-json\/wp\/v2\/comments?post=5976"}],"version-history":[{"count":1,"href":"https:\/\/radiosantuario.cl\/2025\/wp-json\/wp\/v2\/posts\/5976\/revisions"}],"predecessor-version":[{"id":5978,"href":"https:\/\/radiosantuario.cl\/2025\/wp-json\/wp\/v2\/posts\/5976\/revisions\/5978"}],"wp:featuredmedia":[{"embeddable":true,"href":"https:\/\/radiosantuario.cl\/2025\/wp-json\/wp\/v2\/media\/5977"}],"wp:attachment":[{"href":"https:\/\/radiosantuario.cl\/2025\/wp-json\/wp\/v2\/media?parent=5976"}],"wp:term":[{"taxonomy":"category","embeddable":true,"href":"https:\/\/radiosantuario.cl\/2025\/wp-json\/wp\/v2\/categories?post=5976"},{"taxonomy":"post_tag","embeddable":true,"href":"https:\/\/radiosantuario.cl\/2025\/wp-json\/wp\/v2\/tags?post=5976"}],"curies":[{"name":"wp","href":"https:\/\/api.w.org\/{rel}","templated":true}]}}