{"id":5980,"date":"2025-08-29T17:23:41","date_gmt":"2025-08-29T21:23:41","guid":{"rendered":"https:\/\/radiosantuario.cl\/2025\/?p=5980"},"modified":"2025-08-29T17:24:26","modified_gmt":"2025-08-29T21:24:26","slug":"arzobispo-de-milan-visito-la-diocesis","status":"publish","type":"post","link":"https:\/\/radiosantuario.cl\/2025\/2025\/08\/29\/arzobispo-de-milan-visito-la-diocesis\/","title":{"rendered":"Arzobispo de Mil\u00e1n visit\u00f3 la di\u00f3cesis"},"content":{"rendered":"\n<p>Mons. Delpini conoci\u00f3 algunas realidades pastorales y comparti\u00f3 con distintas comunidades<\/p>\n\n\n\n<p>Una visita que se extendi\u00f3 entre el 23 y el 27 de agosto realiz\u00f3 el arzobispo de Mil\u00e1n, Mons. Mario Delpini, junto al responsable del Centro Misionero de Mil\u00e1n, P. Maurizio Zago y el sacerdote P. Walter Magnoni.<\/p>\n\n\n\n<p>El prelado y sus acompa\u00f1antes conocieron parte de la di\u00f3cesis. Entre sus actividades se cuenta haber visitado el territorio parroquial de Tierra Amarilla y las tomas del sector alto de Copiap\u00f3. Tambi\u00e9n visitaron la Suola Italiana, donde compartieron con los estudiantes, directivos y el cuerpo docente.<\/p>\n\n\n\n<p><strong>Liturgia en la Scuola Italiana<\/strong><\/p>\n\n\n\n<p>Durante la ma\u00f1ana del martes 26, Mons. Delpini y los sacerdotes Magnoni y Zago llegaron hasta la Scuola italiana. En esta visita fueron acompa\u00f1ados por el obispo, Mons. Ricardo Morales y los sacerdotes Guido Castagna y Mark Mallia Pawley.<\/p>\n\n\n\n<p>El arzobispo presidi\u00f3 una liturgia y bendici\u00f3n de los alumnos, reunidos en el gimnasio del establecimiento. Mons. Delpini comparti\u00f3 con los estudiantes un saludo y una breve reflexi\u00f3n, en la que los inst\u00f3 a vivir con tres palabras: adelante, se\u00f1alando que el futuro no es una amenaza sino una promesa y hab\u00eda que vivir con esta esperanza; alegr\u00eda, para afrontar cada d\u00eda con la fe puesta en el Se\u00f1or; amistad, porque la vida no est\u00e1 hecha para la soledad sino para compartirla con los dem\u00e1s. Luego \u00e9l y don Ricardo fueron invitados a plantar un olivo, significativo momento que ser\u00e1 memoria de esta visita.<\/p>\n\n\n\n<p>A continuaci\u00f3n, las visitas recibieron un saludo musical de algunos de los cursos del colegio.<\/p>\n\n\n\n<p><strong>Encuentro pastoral en la Parroquia San Francisco<\/strong><\/p>\n\n\n\n<p>A las 19 horas el arzobispo junto a don Ricardo y los sacerdotes que los acompa\u00f1aban sostuvieron un encuentro con agentes pastorales en la parroquia San Francisco. Mons. Delpini profundiz\u00f3 sobre los conceptos que considera que un cat\u00f3lico debe decir al mundo de hoy. Destac\u00f3 la esperanza, la vocaci\u00f3n, la alegr\u00eda, la Iglesia -sinodal, unida y pobre-; y la Virgen Mar\u00eda.<\/p>\n\n\n\n<p>Los presentes pudieron hacer preguntas y comentarios. Para finalizar este encuentro, el obispo les regal\u00f3 productos de esta tierra de Atacama, y la comunidad de San Francisco, unas mantas t\u00edpicas chilenas. El momento concluy\u00f3 con un pie de cueca.<\/p>\n\n\n\n<p>Tras esto, los presentes se reunieron en el patio de la parroquia para seguir disfrutando del baile nacional y de un c\u00f3ctel de camarader\u00eda.<\/p>\n","protected":false},"excerpt":{"rendered":"<p>Mons. Delpini conoci\u00f3 algunas realidades pastorales y comparti\u00f3 con distintas comunidades Una visita que se extendi\u00f3 entre el 23 y el 27 de agosto realiz\u00f3 el arzobispo de Mil\u00e1n, Mons. Mario Delpini, junto al responsable del Centro Misionero de Mil\u00e1n, P. Maurizio Zago y el sacerdote P. Walter Magnoni. El prelado y sus acompa\u00f1antes conocieron [&hellip;]<\/p>\n","protected":false},"author":3,"featured_media":5981,"comment_status":"closed","ping_status":"closed","sticky":false,"template":"","format":"standard","meta":{"saved_in_kubio":false,"footnotes":""},"categories":[50],"tags":[],"class_list":["post-5980","post","type-post","status-publish","format-standard","has-post-thumbnail","hentry","category-noticias"],"_links":{"self":[{"href":"https:\/\/radiosantuario.cl\/2025\/wp-json\/wp\/v2\/posts\/5980","targetHints":{"allow":["GET"]}}],"collection":[{"href":"https:\/\/radiosantuario.cl\/2025\/wp-json\/wp\/v2\/posts"}],"about":[{"href":"https:\/\/radiosantuario.cl\/2025\/wp-json\/wp\/v2\/types\/post"}],"author":[{"embeddable":true,"href":"https:\/\/radiosantuario.cl\/2025\/wp-json\/wp\/v2\/users\/3"}],"replies":[{"embeddable":true,"href":"https:\/\/radiosantuario.cl\/2025\/wp-json\/wp\/v2\/comments?post=5980"}],"version-history":[{"count":1,"href":"https:\/\/radiosantuario.cl\/2025\/wp-json\/wp\/v2\/posts\/5980\/revisions"}],"predecessor-version":[{"id":5982,"href":"https:\/\/radiosantuario.cl\/2025\/wp-json\/wp\/v2\/posts\/5980\/revisions\/5982"}],"wp:featuredmedia":[{"embeddable":true,"href":"https:\/\/radiosantuario.cl\/2025\/wp-json\/wp\/v2\/media\/5981"}],"wp:attachment":[{"href":"https:\/\/radiosantuario.cl\/2025\/wp-json\/wp\/v2\/media?parent=5980"}],"wp:term":[{"taxonomy":"category","embeddable":true,"href":"https:\/\/radiosantuario.cl\/2025\/wp-json\/wp\/v2\/categories?post=5980"},{"taxonomy":"post_tag","embeddable":true,"href":"https:\/\/radiosantuario.cl\/2025\/wp-json\/wp\/v2\/tags?post=5980"}],"curies":[{"name":"wp","href":"https:\/\/api.w.org\/{rel}","templated":true}]}}