{"id":6018,"date":"2025-09-16T09:06:47","date_gmt":"2025-09-16T13:06:47","guid":{"rendered":"https:\/\/radiosantuario.cl\/2025\/?p=6018"},"modified":"2025-09-16T09:07:08","modified_gmt":"2025-09-16T13:07:08","slug":"diocesis-de-copiapo-vivio-jornada-de-formacion-del-presbiterio-diocesano","status":"publish","type":"post","link":"https:\/\/radiosantuario.cl\/2025\/2025\/09\/16\/diocesis-de-copiapo-vivio-jornada-de-formacion-del-presbiterio-diocesano\/","title":{"rendered":"Di\u00f3cesis de Copiap\u00f3 vivi\u00f3 jornada de formaci\u00f3n del presbiterio diocesano"},"content":{"rendered":"\n<p>Este lunes 15 de septiembre, en el marco de la jornada mensual del presbiterio, los sacerdotes de la di\u00f3cesis vivieron un d\u00eda completo de formaci\u00f3n. En esta ocasi\u00f3n se realiz\u00f3 el segundo encuentro con el padre Larry Y\u00e9venes, sacerdote jesuita, quien profundiz\u00f3 en la importancia de la formaci\u00f3n integral en el \u00e1mbito de la afectividad y la sexualidad, aspectos esenciales para el ministerio y la vida consagrada.<\/p>\n\n\n\n<p>La jornada estuvo marcada por un ambiente de fraternidad y de apertura al aprendizaje, favoreciendo el di\u00e1logo y la reflexi\u00f3n compartida. Todos los presb\u00edteros de la di\u00f3cesis participaron activamente en este espacio de crecimiento humano y pastoral.<\/p>\n\n\n\n<p>Al concluir, se celebr\u00f3 un fraterno almuerzo con un asado en el esp\u00edritu de las Fiestas Patrias, signo de unidad y de la alegr\u00eda de caminar juntos&nbsp;como&nbsp;Iglesia.<\/p>\n","protected":false},"excerpt":{"rendered":"<p>Este lunes 15 de septiembre, en el marco de la jornada mensual del presbiterio, los sacerdotes de la di\u00f3cesis vivieron un d\u00eda completo de formaci\u00f3n. En esta ocasi\u00f3n se realiz\u00f3 el segundo encuentro con el padre Larry Y\u00e9venes, sacerdote jesuita, quien profundiz\u00f3 en la importancia de la formaci\u00f3n integral en el \u00e1mbito de la afectividad [&hellip;]<\/p>\n","protected":false},"author":3,"featured_media":6019,"comment_status":"closed","ping_status":"closed","sticky":false,"template":"","format":"standard","meta":{"saved_in_kubio":false,"footnotes":""},"categories":[50],"tags":[],"class_list":["post-6018","post","type-post","status-publish","format-standard","has-post-thumbnail","hentry","category-noticias"],"_links":{"self":[{"href":"https:\/\/radiosantuario.cl\/2025\/wp-json\/wp\/v2\/posts\/6018","targetHints":{"allow":["GET"]}}],"collection":[{"href":"https:\/\/radiosantuario.cl\/2025\/wp-json\/wp\/v2\/posts"}],"about":[{"href":"https:\/\/radiosantuario.cl\/2025\/wp-json\/wp\/v2\/types\/post"}],"author":[{"embeddable":true,"href":"https:\/\/radiosantuario.cl\/2025\/wp-json\/wp\/v2\/users\/3"}],"replies":[{"embeddable":true,"href":"https:\/\/radiosantuario.cl\/2025\/wp-json\/wp\/v2\/comments?post=6018"}],"version-history":[{"count":1,"href":"https:\/\/radiosantuario.cl\/2025\/wp-json\/wp\/v2\/posts\/6018\/revisions"}],"predecessor-version":[{"id":6020,"href":"https:\/\/radiosantuario.cl\/2025\/wp-json\/wp\/v2\/posts\/6018\/revisions\/6020"}],"wp:featuredmedia":[{"embeddable":true,"href":"https:\/\/radiosantuario.cl\/2025\/wp-json\/wp\/v2\/media\/6019"}],"wp:attachment":[{"href":"https:\/\/radiosantuario.cl\/2025\/wp-json\/wp\/v2\/media?parent=6018"}],"wp:term":[{"taxonomy":"category","embeddable":true,"href":"https:\/\/radiosantuario.cl\/2025\/wp-json\/wp\/v2\/categories?post=6018"},{"taxonomy":"post_tag","embeddable":true,"href":"https:\/\/radiosantuario.cl\/2025\/wp-json\/wp\/v2\/tags?post=6018"}],"curies":[{"name":"wp","href":"https:\/\/api.w.org\/{rel}","templated":true}]}}