{"id":6049,"date":"2025-10-16T16:55:05","date_gmt":"2025-10-16T20:55:05","guid":{"rendered":"https:\/\/radiosantuario.cl\/2025\/?p=6049"},"modified":"2025-10-16T16:59:41","modified_gmt":"2025-10-16T20:59:41","slug":"fundacion-despertar-realiza-jornada-de-reflexion-y-autocuidado","status":"publish","type":"post","link":"https:\/\/radiosantuario.cl\/2025\/2025\/10\/16\/fundacion-despertar-realiza-jornada-de-reflexion-y-autocuidado\/","title":{"rendered":"Fundaci\u00f3n Despertar realiza jornada de reflexi\u00f3n y autocuidado"},"content":{"rendered":"\n<p><em>Encuentro reuni\u00f3 a los equipos humanos de los distintos centros de la fundaci\u00f3n en la regi\u00f3n<\/em><\/p>\n\n\n\n<p>En el marco del Mes de la Recuperaci\u00f3n, la Fundaci\u00f3n Despertar, perteneciente al Obispado de Copiap\u00f3, llev\u00f3 a cabo este mi\u00e9rcoles 15 de octubre una jornada de reflexi\u00f3n y autocuidado, dirigida a los equipos de los programas de tratamiento que la instituci\u00f3n desarrolla en las comunas de Diego de Almagro, Cha\u00f1aral, Caldera, Copiap\u00f3 y Vallenar.<\/p>\n\n\n\n<p>La actividad tuvo un car\u00e1cter formativo y reflexivo, y cont\u00f3 con la participaci\u00f3n del trabajador social Francisco Carre\u00f1o G\u00f3mez, mag\u00edster en Intervenci\u00f3n Social, responsable del movimiento <em>\u201cNadie Menos por la Droga\u201d<\/em> y coordinador del proyecto de respuesta pastoral y comunitaria a la narcocultura de Caritas Chile. Durante su exposici\u00f3n, Carre\u00f1o abord\u00f3 el rol que cumplen los profesionales de los programas de tratamiento, promoviendo un espacio de di\u00e1logo sobre las experiencias personales y laborales vinculadas al acompa\u00f1amiento de personas en proceso de recuperaci\u00f3n.<\/p>\n\n\n\n<p>Durante el trabajo, los profesionales se\u00f1alaron los prejuicios que enfrentan las personas que sufren adicciones a las drogas o al alcohol, por lo que relevaron la necesidad de realizar su trabajo desde la empat\u00eda, el respeto y la dignidad humana.<\/p>\n\n\n\n<p>La jornada cont\u00f3 adem\u00e1s con la presencia de autoridades y representantes institucionales, entre ellos Jorge Alfaro, presidente del directorio de Fundaci\u00f3n Despertar; B\u00e1rbara Araya, asesora del Departamento de Salud Mental del Servicio de Salud Atacama; Martha Palma, directora regional de SENDA Atacama; Mar\u00eda Victoria Ortiz, encargada de Tratamiento de SENDA; y Carlos Rojas, gestor de Calidad de SENDA.<\/p>\n\n\n\n<p>Al cierre de la actividad, Martha Palma valor\u00f3 el espacio se\u00f1alando: \u201cFue una instancia donde se abord\u00f3 el fen\u00f3meno de la narcocultura y donde pudimos reflexionar sobre los prejuicios y los estigmas que se generan en torno a las personas que tienen consumo problem\u00e1tico de sustancias y c\u00f3mo podemos evitar que esto interfiera en el proceso de recuperaci\u00f3n. Reconocemos la importancia de estos espacios que permiten intercambiar experiencias y reforzar el sentido del trabajo que diariamente realizan nuestros equipos t\u00e9cnicos en los centros de tratamiento\u201d.<\/p>\n\n\n\n<p>Por su parte, Jorge Alfaro subray\u00f3 el papel que cumplen los equipos humanos en cada centro, desde el personal que hace el aseo, las secretarias, los t\u00e9cnicos y los profesionales, \u201cque realizan un trabajo de calidad, con gran compromiso, su entrega y calidad humana nos dan esperanza para seguir trabajando\u201d, y valor\u00f3 positivamente estos espacios de reflexi\u00f3n y autocuidado.&nbsp;<\/p>\n\n\n\n<p>Con esta jornada, Fundaci\u00f3n Despertar reafirma su compromiso con el bienestar de sus equipos y con la promoci\u00f3n de una mirada emp\u00e1tica e inclusiva hacia las personas en proceso de rehabilitaci\u00f3n.<\/p>\n","protected":false},"excerpt":{"rendered":"<p>Encuentro reuni\u00f3 a los equipos humanos de los distintos centros de la fundaci\u00f3n en la regi\u00f3n En el marco del Mes de la Recuperaci\u00f3n, la Fundaci\u00f3n Despertar, perteneciente al Obispado de Copiap\u00f3, llev\u00f3 a cabo este mi\u00e9rcoles 15 de octubre una jornada de reflexi\u00f3n y autocuidado, dirigida a los equipos de los programas de tratamiento [&hellip;]<\/p>\n","protected":false},"author":3,"featured_media":6051,"comment_status":"closed","ping_status":"closed","sticky":false,"template":"","format":"standard","meta":{"saved_in_kubio":false,"footnotes":""},"categories":[50],"tags":[],"class_list":["post-6049","post","type-post","status-publish","format-standard","has-post-thumbnail","hentry","category-noticias"],"_links":{"self":[{"href":"https:\/\/radiosantuario.cl\/2025\/wp-json\/wp\/v2\/posts\/6049","targetHints":{"allow":["GET"]}}],"collection":[{"href":"https:\/\/radiosantuario.cl\/2025\/wp-json\/wp\/v2\/posts"}],"about":[{"href":"https:\/\/radiosantuario.cl\/2025\/wp-json\/wp\/v2\/types\/post"}],"author":[{"embeddable":true,"href":"https:\/\/radiosantuario.cl\/2025\/wp-json\/wp\/v2\/users\/3"}],"replies":[{"embeddable":true,"href":"https:\/\/radiosantuario.cl\/2025\/wp-json\/wp\/v2\/comments?post=6049"}],"version-history":[{"count":1,"href":"https:\/\/radiosantuario.cl\/2025\/wp-json\/wp\/v2\/posts\/6049\/revisions"}],"predecessor-version":[{"id":6052,"href":"https:\/\/radiosantuario.cl\/2025\/wp-json\/wp\/v2\/posts\/6049\/revisions\/6052"}],"wp:featuredmedia":[{"embeddable":true,"href":"https:\/\/radiosantuario.cl\/2025\/wp-json\/wp\/v2\/media\/6051"}],"wp:attachment":[{"href":"https:\/\/radiosantuario.cl\/2025\/wp-json\/wp\/v2\/media?parent=6049"}],"wp:term":[{"taxonomy":"category","embeddable":true,"href":"https:\/\/radiosantuario.cl\/2025\/wp-json\/wp\/v2\/categories?post=6049"},{"taxonomy":"post_tag","embeddable":true,"href":"https:\/\/radiosantuario.cl\/2025\/wp-json\/wp\/v2\/tags?post=6049"}],"curies":[{"name":"wp","href":"https:\/\/api.w.org\/{rel}","templated":true}]}}