{"id":6084,"date":"2025-11-28T09:47:46","date_gmt":"2025-11-28T13:47:46","guid":{"rendered":"https:\/\/radiosantuario.cl\/2025\/?p=6084"},"modified":"2025-11-28T09:47:54","modified_gmt":"2025-11-28T13:47:54","slug":"en-vallenar-se-realizo-el-encuentro-juvenil-diocesano-2025","status":"publish","type":"post","link":"https:\/\/radiosantuario.cl\/2025\/2025\/11\/28\/en-vallenar-se-realizo-el-encuentro-juvenil-diocesano-2025\/","title":{"rendered":"En Vallenar se realiz\u00f3 el Encuentro juvenil diocesano 2025"},"content":{"rendered":"\n<p><em>M\u00e1s de 300 j\u00f3venes vivieron jornada de esperanza, fe y alegr\u00eda<\/em><\/p>\n\n\n\n<p>Una verdadera fiesta se vivi\u00f3 el s\u00e1bado pasado, 22 de noviembre, en el Encuentro Juvenil diocesano 2025 organizado por la Pastoral Juvenil de la di\u00f3cesis de Copiap\u00f3, y realizado en la ciudad de Vallenar.<\/p>\n\n\n\n<p>Desde las 9 de la ma\u00f1ana comenzaron a llegar los j\u00f3venes desde los distintos puntos de la di\u00f3cesis, hasta el Liceo San Francisco, donde transcurrieron las actividades de la ma\u00f1ana. M\u00e1s de 300 j\u00f3venes se congregaron, adem\u00e1s de los adultos que acompa\u00f1aban, completando alrededor de 370 personas, siendo recibidos con desayuno, inscripci\u00f3n, bienvenida y cari\u00f1o.<\/p>\n\n\n\n<p>A media ma\u00f1ana tuvo lugar el momento de oraci\u00f3n y Adoraci\u00f3n al Sant\u00edsimo, junto al Padre Jota, como se le conoce en redes sociales al sacerdote Jos\u00e9 Pablo Valencia, quien viaj\u00f3 desde su di\u00f3cesis de Valpara\u00edso. Tambi\u00e9n particip\u00f3 del encuentro Fray Ronald Villalobos, custodio de la reliquia de Carlo Acutis. Precisamente esta reliquia, junto a la imagen de Nuestra Se\u00f1ora de La Candelaria, acompa\u00f1aron al Sant\u00edsimo durante el momento de Adoraci\u00f3n, en el patio del Liceo. Fue un prolongado y emotivo momento para los j\u00f3venes.<\/p>\n\n\n\n<p><strong>Rutas de esperanza<\/strong><\/p>\n\n\n\n<p>Cinco rutas se prepararon para que los j\u00f3venes, agrupados por colores, pudieran participar de forma rotativa. Una de ellas era la ruta de la oraci\u00f3n, en la capilla del Sant\u00edsimo, con la reliquia de Acutis, momento en que Fray Ronald les daba a conocer m\u00e1s acerca de este santo milennial, tan joven y devoto de la eucarist\u00eda.<\/p>\n\n\n\n<p>Otra ruta fue la del perd\u00f3n, ubicada en un patio, era el lugar para que los j\u00f3venes pudieran acceder al sacramento de la reconciliaci\u00f3n.<\/p>\n\n\n\n<p>Tambi\u00e9n se implement\u00f3 la ruta de las vocaciones, a cargo de la H. Claudia Mu\u00f1oz, con quien los j\u00f3venes pudieron hablar sobre discernimiento y opciones de vida.<\/p>\n\n\n\n<p>La ruta de la justicia social estuvo a cargo del p. Franklin Gonz\u00e1lez, quien comparti\u00f3 con las chicas y chicos la figura de don Fernando Arizt\u00eda, su trascendencia para la Iglesia, la regi\u00f3n y el pa\u00eds. Cabe se\u00f1alar que durante la jornada hubo una exposici\u00f3n de fotos de don Fernando, con momentos significativos de su episcopado.<\/p>\n\n\n\n<p>Otra fue la ruta de los influencers, a cargo del equipo de redes de la pastoral juvenil con el apoyo del padre jota. All\u00ed cada grupo pudo participar de trivias digitales y ser parte de las transmisiones del encuentro.<\/p>\n\n\n\n<p>Un espacio implementado en la calle, afuera del Liceo, estuvo dedicado a las congregaciones religiosas presentes en la di\u00f3cesis, cada una con un stand. All\u00ed las religiosas dieron a conocer sus carismas y obras, interactuando con los chicos de forma fraterna y relajada.<\/p>\n\n\n\n<p>Es importante destacar el equipo que tuvo a su cargo la preparaci\u00f3n del desayuno, que fue la comunidad de la parroquia San Ambrosio, y del almuerzo, que fue la pastoral social del valle sur. Fue un gran esfuerzo, hecho con enorme cari\u00f1o para que todo se desarrollara de forma expedita y acogedora. Asimismo, el rol de los coordinadores de parroquias, liceos y movimientos, que aportaron para el buen desarrollo de este encuentro.<\/p>\n\n\n\n<p><strong>Peregrinaci\u00f3n y Misa juvenil<\/strong><\/p>\n\n\n\n<p>Tras el almuerzo, por la tarde los j\u00f3venes participaron de una peregrinaci\u00f3n jubilar desde el Liceo hasta la parroquia San Ambrosio, con dos hitos de oraci\u00f3n: oraron en una villa donde viven principalmente personas mayores, y luego se detuvieron frente a la c\u00e1rcel para orar por las personas privadas de libertad, en un bello altar confeccionado por la pastoral carcelaria.<\/p>\n\n\n\n<p>La peregrinaci\u00f3n culmin\u00f3 en la parroquia San Ambrosio, uno de los templos jubilares de la di\u00f3cesis. All\u00ed la juventud reunida particip\u00f3 con entusiasmo de la eucarist\u00eda, presidida por el p. Mark Mallia Pawley, p\u00e1rroco de Cha\u00f1aral e integrante del equipo diocesano de pastoral juvenil. Estuvieron tambi\u00e9n el p\u00e1rroco, p. Mario Campillay, el vicario del valle sur, p. Mauricio Arancibia, y los di\u00e1conos Herm\u00e1n Adaos y Emilio Oivares. En el ofertorio, junto al pan y al vino, se entreg\u00f3 un m\u00f3dulo que era un rompecabezas con el signo del Jubileo, y unas cruces con la imagen de la Cruz Jubilar, ambas obras confeccionadas por j\u00f3venes privados de libertad.<\/p>\n\n\n\n<p>Despu\u00e9s de la misa el encuentro se traslad\u00f3 a la Plaza de Armas de Vallenar, para vivir la fiesta juvenil de cierre, con m\u00fasica, cantos y baile, animada por una banda del Liceo Santa Marta y con la m\u00fasica y la alegr\u00eda del padre Jota.<\/p>\n\n\n\n<p>Con esto, los j\u00f3venes comenzaron el regreso a sus lugares de origen, con la gratitud de haber vivido un d\u00eda de encuentro con el Se\u00f1or, vivido en fraternidad, con la energ\u00eda y la ternura propias de la juventud.<\/p>\n","protected":false},"excerpt":{"rendered":"<p>M\u00e1s de 300 j\u00f3venes vivieron jornada de esperanza, fe y alegr\u00eda Una verdadera fiesta se vivi\u00f3 el s\u00e1bado pasado, 22 de noviembre, en el Encuentro Juvenil diocesano 2025 organizado por la Pastoral Juvenil de la di\u00f3cesis de Copiap\u00f3, y realizado en la ciudad de Vallenar. Desde las 9 de la ma\u00f1ana comenzaron a llegar los [&hellip;]<\/p>\n","protected":false},"author":3,"featured_media":6085,"comment_status":"closed","ping_status":"closed","sticky":false,"template":"","format":"standard","meta":{"saved_in_kubio":false,"footnotes":""},"categories":[50],"tags":[],"class_list":["post-6084","post","type-post","status-publish","format-standard","has-post-thumbnail","hentry","category-noticias"],"_links":{"self":[{"href":"https:\/\/radiosantuario.cl\/2025\/wp-json\/wp\/v2\/posts\/6084","targetHints":{"allow":["GET"]}}],"collection":[{"href":"https:\/\/radiosantuario.cl\/2025\/wp-json\/wp\/v2\/posts"}],"about":[{"href":"https:\/\/radiosantuario.cl\/2025\/wp-json\/wp\/v2\/types\/post"}],"author":[{"embeddable":true,"href":"https:\/\/radiosantuario.cl\/2025\/wp-json\/wp\/v2\/users\/3"}],"replies":[{"embeddable":true,"href":"https:\/\/radiosantuario.cl\/2025\/wp-json\/wp\/v2\/comments?post=6084"}],"version-history":[{"count":1,"href":"https:\/\/radiosantuario.cl\/2025\/wp-json\/wp\/v2\/posts\/6084\/revisions"}],"predecessor-version":[{"id":6086,"href":"https:\/\/radiosantuario.cl\/2025\/wp-json\/wp\/v2\/posts\/6084\/revisions\/6086"}],"wp:featuredmedia":[{"embeddable":true,"href":"https:\/\/radiosantuario.cl\/2025\/wp-json\/wp\/v2\/media\/6085"}],"wp:attachment":[{"href":"https:\/\/radiosantuario.cl\/2025\/wp-json\/wp\/v2\/media?parent=6084"}],"wp:term":[{"taxonomy":"category","embeddable":true,"href":"https:\/\/radiosantuario.cl\/2025\/wp-json\/wp\/v2\/categories?post=6084"},{"taxonomy":"post_tag","embeddable":true,"href":"https:\/\/radiosantuario.cl\/2025\/wp-json\/wp\/v2\/tags?post=6084"}],"curies":[{"name":"wp","href":"https:\/\/api.w.org\/{rel}","templated":true}]}}